{"id":2115,"date":"2013-06-19T07:57:21","date_gmt":"2013-06-19T07:57:21","guid":{"rendered":"http:\/\/milano-sanremo.org\/wordpress\/?p=2115"},"modified":"2018-08-08T10:54:21","modified_gmt":"2018-08-08T10:54:21","slug":"mailand-san-remo","status":"publish","type":"post","link":"https:\/\/milano-sanremo.org\/de\/mailand-san-remo\/","title":{"rendered":"49. Mailand San Remo Radfernfahrt"},"content":{"rendered":"<h2>Das Mailand &#8211; San Remo Granfondo Radsportevent wurde zum ersten Mal im Jahre 1970 auf Initiative des Radsportverbandes von San Remo ausgetragen. Seit jeher haben Radsportbegeisterte jedes Jahr die M\u00f6glichkeit sich auf die Spuren der ganz Gro\u00dfen des Radsports zu begeben.<\/h2>\n<p>Das<strong> Granfondo MAILAND SAN REMO<\/strong> hat eine Distanz von 300 km. Vom Stadtrand von Mailand, durch die Lombardei und das Flachland von Piedmont geht es hoch hinauf auf den Turchino Pass\u00fcbergang bis zur ligurischen Riviera. Weiter geht es \u00fcber Genua entlang der ligurischen K\u00fcste, kurz vor Schluss steht der anstrengende Anstieg auf die Zipress und Poggio H\u00f6hen bevor bis Sie schliesslich in San Remo auf die Ziellinie stossen.<\/p>\n<p>Die Radfernfahrt fing zum ersten Mal 1970 statt. Ins Leben gerufen wurde die Veranstaltung vom<strong> Unione Cicloturistica San Remo<\/strong> (San Remo Radsportverband) und auch in diesem Jahr wird die Veranstaltung noch von selbigem Verband organisiert. Seit 2009 k\u00fcmmert sich der Reiseveranstalter <strong>Nyala Wonder Travel<\/strong> um die Organisation des Cyclosportive&#8217;s mt dem Ziel den Teilnehmern einen so angenehm wie m\u00f6glichen Aufenthalt zu bieten.<\/p>\n<p>Im vergangenen Jahr, waren rund <strong>1,100 Athleten<\/strong> aus ganz Europa bei dem Event dabei und einige kamen sogar von noch weiter her angereist, n\u00e4mlich Neuseeland, Australien, Malaysien, Brasilien, den USA und Kanada, was die Gr\u00f6\u00dfe dieser Veranstaltung untermauert.<\/p>\n<p>Die Entscheidung die Startlinie zum Kongresszentrum, dem Pieve Emanuele und die Ziellinie in die N\u00e4he des Palafiori, dem Kongresszentrum San Remo&#8217;s zu verschieben, verspricht genau wie die Entscheidung die Teilnehmer in vorbestimmten Partnerhotels unterzubringen&nbsp; einen gut organisierten Service und beg\u00fcnstigt einen geschmeidigen Ablauf, bei dem die Teilnehmer sich auf das Rennen und das Formen von internationalen Freundschaften konzentrieren k\u00f6nnen.<\/p>\n<p>Mit dieser Veranstaltung soll vor allen Dingen der Radsports gefeiert werden. Nat\u00fcrlich l\u00e4d die Veranstaltung auch dazu ein dieses sch\u00f6ne Fleckchen Erde zu entdecken. Egal ob in der N\u00e4he der Start- oder Ziellinie, <strong>nehmen Sie sich unbedingt die Zeit das wundersch\u00f6ne italienische Panorama zu bewundern.<\/strong><\/p>\n<p><strong>&nbsp;<\/strong><\/p>\n","protected":false},"excerpt":{"rendered":"<p>Das Mailand &#8211; San Remo Granfondo Radsportevent wurde zum ersten Mal im Jahre 1970 auf Initiative des Radsportverbandes von San Remo ausgetragen. Seit jeher haben Radsportbegeisterte jedes Jahr die M\u00f6glichkeit sich auf die Spuren der ganz Gro\u00dfen des Radsports zu begeben. Das Granfondo MAILAND SAN REMO hat eine Distanz von 300 km. Vom Stadtrand von [&hellip;]<\/p>\n","protected":false},"author":1,"featured_media":0,"comment_status":"closed","ping_status":"closed","sticky":false,"template":"","format":"standard","meta":{"_et_pb_use_builder":"","_et_pb_old_content":"","_et_gb_content_width":"","ngg_post_thumbnail":0,"footnotes":""},"categories":[56],"tags":[],"class_list":["post-2115","post","type-post","status-publish","format-standard","hentry","category-slider-de"],"yoast_head":"<!-- This site is optimized with the Yoast SEO plugin v27.5 - https:\/\/yoast.com\/product\/yoast-seo-wordpress\/ -->\n<title>49. Mailand San Remo Radfernfahrt - MILANO SANREMO AMATORI<\/title>\n<meta name=\"description\" content=\"49. Mailand San Remo Radfernfahrt MILANO SANREMO AMATORI\" \/>\n<meta name=\"robots\" content=\"index, follow, max-snippet:-1, max-image-preview:large, max-video-preview:-1\" \/>\n<link rel=\"canonical\" href=\"https:\/\/milano-sanremo.org\/de\/mailand-san-remo\/\" \/>\n<meta property=\"og:locale\" content=\"de_DE\" \/>\n<meta property=\"og:type\" content=\"article\" \/>\n<meta property=\"og:title\" content=\"49. Mailand San Remo Radfernfahrt - MILANO SANREMO AMATORI\" \/>\n<meta property=\"og:description\" content=\"49. Mailand San Remo Radfernfahrt MILANO SANREMO AMATORI\" \/>\n<meta property=\"og:url\" content=\"https:\/\/milano-sanremo.org\/de\/mailand-san-remo\/\" \/>\n<meta property=\"og:site_name\" content=\"MILANO SANREMO AMATORI\" \/>\n<meta property=\"article:published_time\" content=\"2013-06-19T07:57:21+00:00\" \/>\n<meta property=\"article:modified_time\" content=\"2018-08-08T10:54:21+00:00\" \/>\n<meta name=\"author\" content=\"vistm1\" \/>\n<meta name=\"twitter:card\" content=\"summary_large_image\" \/>\n<meta name=\"twitter:label1\" content=\"Verfasst von\" \/>\n\t<meta name=\"twitter:data1\" content=\"vistm1\" \/>\n\t<meta name=\"twitter:label2\" content=\"Gesch\u00e4tzte Lesezeit\" \/>\n\t<meta name=\"twitter:data2\" content=\"2\u00a0Minuten\" \/>\n<script type=\"application\/ld+json\" class=\"yoast-schema-graph\">{\"@context\":\"https:\\\/\\\/schema.org\",\"@graph\":[{\"@type\":\"Article\",\"@id\":\"https:\\\/\\\/milano-sanremo.org\\\/de\\\/mailand-san-remo\\\/#article\",\"isPartOf\":{\"@id\":\"https:\\\/\\\/milano-sanremo.org\\\/de\\\/mailand-san-remo\\\/\"},\"author\":{\"name\":\"vistm1\",\"@id\":\"https:\\\/\\\/milano-sanremo.org\\\/de\\\/#\\\/schema\\\/person\\\/b0c52e720fb6da8c91700dc29b2f08a2\"},\"headline\":\"49. Mailand San Remo Radfernfahrt\",\"datePublished\":\"2013-06-19T07:57:21+00:00\",\"dateModified\":\"2018-08-08T10:54:21+00:00\",\"mainEntityOfPage\":{\"@id\":\"https:\\\/\\\/milano-sanremo.org\\\/de\\\/mailand-san-remo\\\/\"},\"wordCount\":331,\"articleSection\":[\"Slider-DE\"],\"inLanguage\":\"de\"},{\"@type\":\"WebPage\",\"@id\":\"https:\\\/\\\/milano-sanremo.org\\\/de\\\/mailand-san-remo\\\/\",\"url\":\"https:\\\/\\\/milano-sanremo.org\\\/de\\\/mailand-san-remo\\\/\",\"name\":\"49. Mailand San Remo Radfernfahrt - MILANO SANREMO AMATORI\",\"isPartOf\":{\"@id\":\"https:\\\/\\\/milano-sanremo.org\\\/de\\\/#website\"},\"datePublished\":\"2013-06-19T07:57:21+00:00\",\"dateModified\":\"2018-08-08T10:54:21+00:00\",\"author\":{\"@id\":\"https:\\\/\\\/milano-sanremo.org\\\/de\\\/#\\\/schema\\\/person\\\/b0c52e720fb6da8c91700dc29b2f08a2\"},\"description\":\"49. Mailand San Remo Radfernfahrt MILANO SANREMO AMATORI\",\"breadcrumb\":{\"@id\":\"https:\\\/\\\/milano-sanremo.org\\\/de\\\/mailand-san-remo\\\/#breadcrumb\"},\"inLanguage\":\"de\",\"potentialAction\":[{\"@type\":\"ReadAction\",\"target\":[\"https:\\\/\\\/milano-sanremo.org\\\/de\\\/mailand-san-remo\\\/\"]}]},{\"@type\":\"BreadcrumbList\",\"@id\":\"https:\\\/\\\/milano-sanremo.org\\\/de\\\/mailand-san-remo\\\/#breadcrumb\",\"itemListElement\":[{\"@type\":\"ListItem\",\"position\":1,\"name\":\"Home\",\"item\":\"https:\\\/\\\/milano-sanremo.org\\\/de\\\/\"},{\"@type\":\"ListItem\",\"position\":2,\"name\":\"49. Mailand San Remo Radfernfahrt\"}]},{\"@type\":\"WebSite\",\"@id\":\"https:\\\/\\\/milano-sanremo.org\\\/de\\\/#website\",\"url\":\"https:\\\/\\\/milano-sanremo.org\\\/de\\\/\",\"name\":\"MILANO SANREMO AMATORI\",\"description\":\"MAILAND SANREMO AMATEURE | 7. JUNI 2026 | OFFIZIELLE WEBSITE\",\"potentialAction\":[{\"@type\":\"SearchAction\",\"target\":{\"@type\":\"EntryPoint\",\"urlTemplate\":\"https:\\\/\\\/milano-sanremo.org\\\/de\\\/?s={search_term_string}\"},\"query-input\":{\"@type\":\"PropertyValueSpecification\",\"valueRequired\":true,\"valueName\":\"search_term_string\"}}],\"inLanguage\":\"de\"},{\"@type\":\"Person\",\"@id\":\"https:\\\/\\\/milano-sanremo.org\\\/de\\\/#\\\/schema\\\/person\\\/b0c52e720fb6da8c91700dc29b2f08a2\",\"name\":\"vistm1\",\"image\":{\"@type\":\"ImageObject\",\"inLanguage\":\"de\",\"@id\":\"https:\\\/\\\/secure.gravatar.com\\\/avatar\\\/f7a5868e5bab01769ba9e8d575a8e64c7b2565c93e480cff0ab08e82e18f9ab1?s=96&d=mm&r=g\",\"url\":\"https:\\\/\\\/secure.gravatar.com\\\/avatar\\\/f7a5868e5bab01769ba9e8d575a8e64c7b2565c93e480cff0ab08e82e18f9ab1?s=96&d=mm&r=g\",\"contentUrl\":\"https:\\\/\\\/secure.gravatar.com\\\/avatar\\\/f7a5868e5bab01769ba9e8d575a8e64c7b2565c93e480cff0ab08e82e18f9ab1?s=96&d=mm&r=g\",\"caption\":\"vistm1\"},\"url\":\"https:\\\/\\\/milano-sanremo.org\\\/de\\\/author\\\/vistm1\\\/\"}]}<\/script>\n<!-- \/ Yoast SEO plugin. -->","yoast_head_json":{"title":"49. Mailand San Remo Radfernfahrt - MILANO SANREMO AMATORI","description":"49. Mailand San Remo Radfernfahrt MILANO SANREMO AMATORI","robots":{"index":"index","follow":"follow","max-snippet":"max-snippet:-1","max-image-preview":"max-image-preview:large","max-video-preview":"max-video-preview:-1"},"canonical":"https:\/\/milano-sanremo.org\/de\/mailand-san-remo\/","og_locale":"de_DE","og_type":"article","og_title":"49. Mailand San Remo Radfernfahrt - MILANO SANREMO AMATORI","og_description":"49. Mailand San Remo Radfernfahrt MILANO SANREMO AMATORI","og_url":"https:\/\/milano-sanremo.org\/de\/mailand-san-remo\/","og_site_name":"MILANO SANREMO AMATORI","article_published_time":"2013-06-19T07:57:21+00:00","article_modified_time":"2018-08-08T10:54:21+00:00","author":"vistm1","twitter_card":"summary_large_image","twitter_misc":{"Verfasst von":"vistm1","Gesch\u00e4tzte Lesezeit":"2\u00a0Minuten"},"schema":{"@context":"https:\/\/schema.org","@graph":[{"@type":"Article","@id":"https:\/\/milano-sanremo.org\/de\/mailand-san-remo\/#article","isPartOf":{"@id":"https:\/\/milano-sanremo.org\/de\/mailand-san-remo\/"},"author":{"name":"vistm1","@id":"https:\/\/milano-sanremo.org\/de\/#\/schema\/person\/b0c52e720fb6da8c91700dc29b2f08a2"},"headline":"49. Mailand San Remo Radfernfahrt","datePublished":"2013-06-19T07:57:21+00:00","dateModified":"2018-08-08T10:54:21+00:00","mainEntityOfPage":{"@id":"https:\/\/milano-sanremo.org\/de\/mailand-san-remo\/"},"wordCount":331,"articleSection":["Slider-DE"],"inLanguage":"de"},{"@type":"WebPage","@id":"https:\/\/milano-sanremo.org\/de\/mailand-san-remo\/","url":"https:\/\/milano-sanremo.org\/de\/mailand-san-remo\/","name":"49. Mailand San Remo Radfernfahrt - MILANO SANREMO AMATORI","isPartOf":{"@id":"https:\/\/milano-sanremo.org\/de\/#website"},"datePublished":"2013-06-19T07:57:21+00:00","dateModified":"2018-08-08T10:54:21+00:00","author":{"@id":"https:\/\/milano-sanremo.org\/de\/#\/schema\/person\/b0c52e720fb6da8c91700dc29b2f08a2"},"description":"49. Mailand San Remo Radfernfahrt MILANO SANREMO AMATORI","breadcrumb":{"@id":"https:\/\/milano-sanremo.org\/de\/mailand-san-remo\/#breadcrumb"},"inLanguage":"de","potentialAction":[{"@type":"ReadAction","target":["https:\/\/milano-sanremo.org\/de\/mailand-san-remo\/"]}]},{"@type":"BreadcrumbList","@id":"https:\/\/milano-sanremo.org\/de\/mailand-san-remo\/#breadcrumb","itemListElement":[{"@type":"ListItem","position":1,"name":"Home","item":"https:\/\/milano-sanremo.org\/de\/"},{"@type":"ListItem","position":2,"name":"49. Mailand San Remo Radfernfahrt"}]},{"@type":"WebSite","@id":"https:\/\/milano-sanremo.org\/de\/#website","url":"https:\/\/milano-sanremo.org\/de\/","name":"MILANO SANREMO AMATORI","description":"MAILAND SANREMO AMATEURE | 7. JUNI 2026 | OFFIZIELLE WEBSITE","potentialAction":[{"@type":"SearchAction","target":{"@type":"EntryPoint","urlTemplate":"https:\/\/milano-sanremo.org\/de\/?s={search_term_string}"},"query-input":{"@type":"PropertyValueSpecification","valueRequired":true,"valueName":"search_term_string"}}],"inLanguage":"de"},{"@type":"Person","@id":"https:\/\/milano-sanremo.org\/de\/#\/schema\/person\/b0c52e720fb6da8c91700dc29b2f08a2","name":"vistm1","image":{"@type":"ImageObject","inLanguage":"de","@id":"https:\/\/secure.gravatar.com\/avatar\/f7a5868e5bab01769ba9e8d575a8e64c7b2565c93e480cff0ab08e82e18f9ab1?s=96&d=mm&r=g","url":"https:\/\/secure.gravatar.com\/avatar\/f7a5868e5bab01769ba9e8d575a8e64c7b2565c93e480cff0ab08e82e18f9ab1?s=96&d=mm&r=g","contentUrl":"https:\/\/secure.gravatar.com\/avatar\/f7a5868e5bab01769ba9e8d575a8e64c7b2565c93e480cff0ab08e82e18f9ab1?s=96&d=mm&r=g","caption":"vistm1"},"url":"https:\/\/milano-sanremo.org\/de\/author\/vistm1\/"}]}},"_links":{"self":[{"href":"https:\/\/milano-sanremo.org\/de\/wp-json\/wp\/v2\/posts\/2115","targetHints":{"allow":["GET"]}}],"collection":[{"href":"https:\/\/milano-sanremo.org\/de\/wp-json\/wp\/v2\/posts"}],"about":[{"href":"https:\/\/milano-sanremo.org\/de\/wp-json\/wp\/v2\/types\/post"}],"author":[{"embeddable":true,"href":"https:\/\/milano-sanremo.org\/de\/wp-json\/wp\/v2\/users\/1"}],"replies":[{"embeddable":true,"href":"https:\/\/milano-sanremo.org\/de\/wp-json\/wp\/v2\/comments?post=2115"}],"version-history":[{"count":17,"href":"https:\/\/milano-sanremo.org\/de\/wp-json\/wp\/v2\/posts\/2115\/revisions"}],"predecessor-version":[{"id":9283,"href":"https:\/\/milano-sanremo.org\/de\/wp-json\/wp\/v2\/posts\/2115\/revisions\/9283"}],"wp:attachment":[{"href":"https:\/\/milano-sanremo.org\/de\/wp-json\/wp\/v2\/media?parent=2115"}],"wp:term":[{"taxonomy":"category","embeddable":true,"href":"https:\/\/milano-sanremo.org\/de\/wp-json\/wp\/v2\/categories?post=2115"},{"taxonomy":"post_tag","embeddable":true,"href":"https:\/\/milano-sanremo.org\/de\/wp-json\/wp\/v2\/tags?post=2115"}],"curies":[{"name":"wp","href":"https:\/\/api.w.org\/{rel}","templated":true}]}}