{"id":2113,"date":"2013-06-19T07:56:44","date_gmt":"2013-06-19T07:56:44","guid":{"rendered":"http:\/\/milano-sanremo.org\/wordpress\/?p=2113"},"modified":"2018-08-08T10:47:02","modified_gmt":"2018-08-08T10:47:02","slug":"46eme-milan-san-remo","status":"publish","type":"post","link":"https:\/\/milano-sanremo.org\/fr\/46eme-milan-san-remo\/","title":{"rendered":"49\u00e8me Cyclosportive Milan &#8211; San Remo"},"content":{"rendered":"<h2>La Cyclosportive Granfondo Milan &#8211; San Remo se d\u00e9roula pour la premi\u00e8re fois en 1970, sur une initiative de l&rsquo;Union Cyclosportive de San Remo, afin de donner aux amateurs de cyclisme l&rsquo;opportunit\u00e9 d&#8217;emprunter les m\u00eames routes que les grands champions chaque ann\u00e9e.<\/h2>\n<p>La course amateur <strong>Cyclosportive Granfondo MILAN SAN REMO<\/strong> s&rsquo;\u00e9tend sur 300 km avec le m\u00eame parcours que celui emprunt\u00e9 par les champions mythiques, traversant la Lombardie, le Pi\u00e9mont et la Ligurie, puis vous pourrez tenter votre chance avec les ascensions l\u00e9gendaires du Turchino, Capo Mele, Capo Cervo, Capo Berta, Cipressa et le Poggio de San Remo.<\/p>\n<p>La comp\u00e9tition amateur fut fond\u00e9e en 1970 sous l&rsquo;\u00e9gide de l&rsquo;<strong>Union Cyclosportive San Remo<\/strong>, s&rsquo;est d\u00e9roul\u00e9e depuis lors chaque ann\u00e9e sans interruption, et est devenue l&rsquo;\u00e9v\u00e9nement cycliste le plus c\u00e9l\u00e8bre en Italie. Depuis 2009, la soci\u00e9t\u00e9 de gestion de destination <strong>Nyala Wonder Travel<\/strong> organise la Cyclosportive et s&rsquo;assure de manifestazionentir le meilleur accueil possible aux participants \u00e0 Milan et San Remo.<\/p>\n<p>Au d\u00e9part de l&rsquo;\u00e9dition 2013 se trouvaient environ <strong> 1100 athl\u00e8tes <\/strong> venant de l&rsquo;Europe enti\u00e8re et ont \u00e9galement particip\u00e9 des concurrents originaires de pays encore plus \u00e9loign\u00e9s comme la Nouvelle-Z\u00e9lande, l&rsquo;Australie, la Malaisie, le Br\u00e9sil, le Canada et les Etats-Unis, ce qui confirme la nature cosmopolite de l&rsquo;\u00e9v\u00e9nement.<\/p>\n<p>La d\u00e9cision de d\u00e9placer le point de d\u00e9part au centre d&rsquo;affaires et de conventions de Milanofiori, dans la zone d&rsquo;Assago, et la ligne d&rsquo;arriv\u00e9e \u00e0 proximit\u00e9 du centre de conventions Palafiori \u00e0 San Remo, ainsi que celle de recommander un nombre restreint d&rsquo;h\u00f4tels affili\u00e9s aux participants, assure des services bien organis\u00e9s d&rsquo;un niveau tr\u00e8s \u00e9lev\u00e9 et favorise un climat de communaut\u00e9 et amiti\u00e9 entre les concurrents arrivant du monde entier.<\/p>\n<p>Plus que jamais l&rsquo;objectif de l&rsquo;organisation est de faire de l&rsquo;\u00e9v\u00e9nement une v\u00e9ritable c\u00e9l\u00e9bration du cyclisme, que ce soit au niveau de la ligne de d\u00e9part ou d&rsquo;arriv\u00e9e, et nous sommes convaincus que la <strong> d\u00e9couverte de la diversit\u00e9 de panoramas de ce coin de l&rsquo;Italie accueillant l&rsquo;\u00e9v\u00e9nement vous fera vivre une exp\u00e9rience palpitante inoubliable qui vous accompagnera tout au long de votre vie.<\/strong><\/p>\n","protected":false},"excerpt":{"rendered":"<p>La Cyclosportive Granfondo Milan &#8211; San Remo se d\u00e9roula pour la premi\u00e8re fois en 1970, sur une initiative de l&rsquo;Union Cyclosportive de San Remo, afin de donner aux amateurs de cyclisme l&rsquo;opportunit\u00e9 d&#8217;emprunter les m\u00eames routes que les grands champions chaque ann\u00e9e. La course amateur Cyclosportive Granfondo MILAN SAN REMO s&rsquo;\u00e9tend sur 300 km avec [&hellip;]<\/p>\n","protected":false},"author":1,"featured_media":0,"comment_status":"closed","ping_status":"closed","sticky":false,"template":"","format":"standard","meta":{"_et_pb_use_builder":"","_et_pb_old_content":"","_et_gb_content_width":"","ngg_post_thumbnail":0,"footnotes":""},"categories":[54],"tags":[],"class_list":["post-2113","post","type-post","status-publish","format-standard","hentry","category-slider-fr"],"yoast_head":"<!-- This site is optimized with the Yoast SEO plugin v27.5 - https:\/\/yoast.com\/product\/yoast-seo-wordpress\/ -->\n<title>49\u00e8me Cyclosportive Milan - San Remo - MILANO SANREMO AMATORI<\/title>\n<meta name=\"description\" content=\"49\u00e8me Cyclosportive Milan - San Remo MILANO SANREMO AMATORI\" \/>\n<meta name=\"robots\" content=\"index, follow, max-snippet:-1, max-image-preview:large, max-video-preview:-1\" \/>\n<link rel=\"canonical\" href=\"https:\/\/milano-sanremo.org\/fr\/46eme-milan-san-remo\/\" \/>\n<meta property=\"og:locale\" content=\"fr_FR\" \/>\n<meta property=\"og:type\" content=\"article\" \/>\n<meta property=\"og:title\" content=\"49\u00e8me Cyclosportive Milan - San Remo - MILANO SANREMO AMATORI\" \/>\n<meta property=\"og:description\" content=\"49\u00e8me Cyclosportive Milan - San Remo MILANO SANREMO AMATORI\" \/>\n<meta property=\"og:url\" content=\"https:\/\/milano-sanremo.org\/fr\/46eme-milan-san-remo\/\" \/>\n<meta property=\"og:site_name\" content=\"MILANO SANREMO AMATORI\" \/>\n<meta property=\"article:published_time\" content=\"2013-06-19T07:56:44+00:00\" \/>\n<meta property=\"article:modified_time\" content=\"2018-08-08T10:47:02+00:00\" \/>\n<meta name=\"author\" content=\"vistm1\" \/>\n<meta name=\"twitter:card\" content=\"summary_large_image\" \/>\n<meta name=\"twitter:label1\" content=\"\u00c9crit par\" \/>\n\t<meta name=\"twitter:data1\" content=\"vistm1\" \/>\n\t<meta name=\"twitter:label2\" content=\"Dur\u00e9e de lecture estim\u00e9e\" \/>\n\t<meta name=\"twitter:data2\" content=\"2 minutes\" \/>\n<script type=\"application\/ld+json\" class=\"yoast-schema-graph\">{\"@context\":\"https:\\\/\\\/schema.org\",\"@graph\":[{\"@type\":\"Article\",\"@id\":\"https:\\\/\\\/milano-sanremo.org\\\/fr\\\/46eme-milan-san-remo\\\/#article\",\"isPartOf\":{\"@id\":\"https:\\\/\\\/milano-sanremo.org\\\/fr\\\/46eme-milan-san-remo\\\/\"},\"author\":{\"name\":\"vistm1\",\"@id\":\"https:\\\/\\\/milano-sanremo.org\\\/fr\\\/#\\\/schema\\\/person\\\/b0c52e720fb6da8c91700dc29b2f08a2\"},\"headline\":\"49\u00e8me Cyclosportive Milan &#8211; San Remo\",\"datePublished\":\"2013-06-19T07:56:44+00:00\",\"dateModified\":\"2018-08-08T10:47:02+00:00\",\"mainEntityOfPage\":{\"@id\":\"https:\\\/\\\/milano-sanremo.org\\\/fr\\\/46eme-milan-san-remo\\\/\"},\"wordCount\":383,\"articleSection\":[\"Slider-FR\"],\"inLanguage\":\"fr-FR\"},{\"@type\":\"WebPage\",\"@id\":\"https:\\\/\\\/milano-sanremo.org\\\/fr\\\/46eme-milan-san-remo\\\/\",\"url\":\"https:\\\/\\\/milano-sanremo.org\\\/fr\\\/46eme-milan-san-remo\\\/\",\"name\":\"49\u00e8me Cyclosportive Milan - San Remo - MILANO SANREMO AMATORI\",\"isPartOf\":{\"@id\":\"https:\\\/\\\/milano-sanremo.org\\\/fr\\\/#website\"},\"datePublished\":\"2013-06-19T07:56:44+00:00\",\"dateModified\":\"2018-08-08T10:47:02+00:00\",\"author\":{\"@id\":\"https:\\\/\\\/milano-sanremo.org\\\/fr\\\/#\\\/schema\\\/person\\\/b0c52e720fb6da8c91700dc29b2f08a2\"},\"description\":\"49\u00e8me Cyclosportive Milan - San Remo MILANO SANREMO AMATORI\",\"breadcrumb\":{\"@id\":\"https:\\\/\\\/milano-sanremo.org\\\/fr\\\/46eme-milan-san-remo\\\/#breadcrumb\"},\"inLanguage\":\"fr-FR\",\"potentialAction\":[{\"@type\":\"ReadAction\",\"target\":[\"https:\\\/\\\/milano-sanremo.org\\\/fr\\\/46eme-milan-san-remo\\\/\"]}]},{\"@type\":\"BreadcrumbList\",\"@id\":\"https:\\\/\\\/milano-sanremo.org\\\/fr\\\/46eme-milan-san-remo\\\/#breadcrumb\",\"itemListElement\":[{\"@type\":\"ListItem\",\"position\":1,\"name\":\"Home\",\"item\":\"https:\\\/\\\/milano-sanremo.org\\\/fr\\\/\"},{\"@type\":\"ListItem\",\"position\":2,\"name\":\"49\u00e8me Cyclosportive Milan &#8211; San Remo\"}]},{\"@type\":\"WebSite\",\"@id\":\"https:\\\/\\\/milano-sanremo.org\\\/fr\\\/#website\",\"url\":\"https:\\\/\\\/milano-sanremo.org\\\/fr\\\/\",\"name\":\"MILANO SANREMO AMATORI\",\"description\":\"MILAN SANREMO AMATEURS | 7 JUIN 2026 | SITE OFFICIEL\",\"potentialAction\":[{\"@type\":\"SearchAction\",\"target\":{\"@type\":\"EntryPoint\",\"urlTemplate\":\"https:\\\/\\\/milano-sanremo.org\\\/fr\\\/?s={search_term_string}\"},\"query-input\":{\"@type\":\"PropertyValueSpecification\",\"valueRequired\":true,\"valueName\":\"search_term_string\"}}],\"inLanguage\":\"fr-FR\"},{\"@type\":\"Person\",\"@id\":\"https:\\\/\\\/milano-sanremo.org\\\/fr\\\/#\\\/schema\\\/person\\\/b0c52e720fb6da8c91700dc29b2f08a2\",\"name\":\"vistm1\",\"image\":{\"@type\":\"ImageObject\",\"inLanguage\":\"fr-FR\",\"@id\":\"https:\\\/\\\/secure.gravatar.com\\\/avatar\\\/f7a5868e5bab01769ba9e8d575a8e64c7b2565c93e480cff0ab08e82e18f9ab1?s=96&d=mm&r=g\",\"url\":\"https:\\\/\\\/secure.gravatar.com\\\/avatar\\\/f7a5868e5bab01769ba9e8d575a8e64c7b2565c93e480cff0ab08e82e18f9ab1?s=96&d=mm&r=g\",\"contentUrl\":\"https:\\\/\\\/secure.gravatar.com\\\/avatar\\\/f7a5868e5bab01769ba9e8d575a8e64c7b2565c93e480cff0ab08e82e18f9ab1?s=96&d=mm&r=g\",\"caption\":\"vistm1\"},\"url\":\"https:\\\/\\\/milano-sanremo.org\\\/fr\\\/author\\\/vistm1\\\/\"}]}<\/script>\n<!-- \/ Yoast SEO plugin. -->","yoast_head_json":{"title":"49\u00e8me Cyclosportive Milan - San Remo - MILANO SANREMO AMATORI","description":"49\u00e8me Cyclosportive Milan - San Remo MILANO SANREMO AMATORI","robots":{"index":"index","follow":"follow","max-snippet":"max-snippet:-1","max-image-preview":"max-image-preview:large","max-video-preview":"max-video-preview:-1"},"canonical":"https:\/\/milano-sanremo.org\/fr\/46eme-milan-san-remo\/","og_locale":"fr_FR","og_type":"article","og_title":"49\u00e8me Cyclosportive Milan - San Remo - MILANO SANREMO AMATORI","og_description":"49\u00e8me Cyclosportive Milan - San Remo MILANO SANREMO AMATORI","og_url":"https:\/\/milano-sanremo.org\/fr\/46eme-milan-san-remo\/","og_site_name":"MILANO SANREMO AMATORI","article_published_time":"2013-06-19T07:56:44+00:00","article_modified_time":"2018-08-08T10:47:02+00:00","author":"vistm1","twitter_card":"summary_large_image","twitter_misc":{"\u00c9crit par":"vistm1","Dur\u00e9e de lecture estim\u00e9e":"2 minutes"},"schema":{"@context":"https:\/\/schema.org","@graph":[{"@type":"Article","@id":"https:\/\/milano-sanremo.org\/fr\/46eme-milan-san-remo\/#article","isPartOf":{"@id":"https:\/\/milano-sanremo.org\/fr\/46eme-milan-san-remo\/"},"author":{"name":"vistm1","@id":"https:\/\/milano-sanremo.org\/fr\/#\/schema\/person\/b0c52e720fb6da8c91700dc29b2f08a2"},"headline":"49\u00e8me Cyclosportive Milan &#8211; San Remo","datePublished":"2013-06-19T07:56:44+00:00","dateModified":"2018-08-08T10:47:02+00:00","mainEntityOfPage":{"@id":"https:\/\/milano-sanremo.org\/fr\/46eme-milan-san-remo\/"},"wordCount":383,"articleSection":["Slider-FR"],"inLanguage":"fr-FR"},{"@type":"WebPage","@id":"https:\/\/milano-sanremo.org\/fr\/46eme-milan-san-remo\/","url":"https:\/\/milano-sanremo.org\/fr\/46eme-milan-san-remo\/","name":"49\u00e8me Cyclosportive Milan - San Remo - MILANO SANREMO AMATORI","isPartOf":{"@id":"https:\/\/milano-sanremo.org\/fr\/#website"},"datePublished":"2013-06-19T07:56:44+00:00","dateModified":"2018-08-08T10:47:02+00:00","author":{"@id":"https:\/\/milano-sanremo.org\/fr\/#\/schema\/person\/b0c52e720fb6da8c91700dc29b2f08a2"},"description":"49\u00e8me Cyclosportive Milan - San Remo MILANO SANREMO AMATORI","breadcrumb":{"@id":"https:\/\/milano-sanremo.org\/fr\/46eme-milan-san-remo\/#breadcrumb"},"inLanguage":"fr-FR","potentialAction":[{"@type":"ReadAction","target":["https:\/\/milano-sanremo.org\/fr\/46eme-milan-san-remo\/"]}]},{"@type":"BreadcrumbList","@id":"https:\/\/milano-sanremo.org\/fr\/46eme-milan-san-remo\/#breadcrumb","itemListElement":[{"@type":"ListItem","position":1,"name":"Home","item":"https:\/\/milano-sanremo.org\/fr\/"},{"@type":"ListItem","position":2,"name":"49\u00e8me Cyclosportive Milan &#8211; San Remo"}]},{"@type":"WebSite","@id":"https:\/\/milano-sanremo.org\/fr\/#website","url":"https:\/\/milano-sanremo.org\/fr\/","name":"MILANO SANREMO AMATORI","description":"MILAN SANREMO AMATEURS | 7 JUIN 2026 | SITE OFFICIEL","potentialAction":[{"@type":"SearchAction","target":{"@type":"EntryPoint","urlTemplate":"https:\/\/milano-sanremo.org\/fr\/?s={search_term_string}"},"query-input":{"@type":"PropertyValueSpecification","valueRequired":true,"valueName":"search_term_string"}}],"inLanguage":"fr-FR"},{"@type":"Person","@id":"https:\/\/milano-sanremo.org\/fr\/#\/schema\/person\/b0c52e720fb6da8c91700dc29b2f08a2","name":"vistm1","image":{"@type":"ImageObject","inLanguage":"fr-FR","@id":"https:\/\/secure.gravatar.com\/avatar\/f7a5868e5bab01769ba9e8d575a8e64c7b2565c93e480cff0ab08e82e18f9ab1?s=96&d=mm&r=g","url":"https:\/\/secure.gravatar.com\/avatar\/f7a5868e5bab01769ba9e8d575a8e64c7b2565c93e480cff0ab08e82e18f9ab1?s=96&d=mm&r=g","contentUrl":"https:\/\/secure.gravatar.com\/avatar\/f7a5868e5bab01769ba9e8d575a8e64c7b2565c93e480cff0ab08e82e18f9ab1?s=96&d=mm&r=g","caption":"vistm1"},"url":"https:\/\/milano-sanremo.org\/fr\/author\/vistm1\/"}]}},"_links":{"self":[{"href":"https:\/\/milano-sanremo.org\/fr\/wp-json\/wp\/v2\/posts\/2113","targetHints":{"allow":["GET"]}}],"collection":[{"href":"https:\/\/milano-sanremo.org\/fr\/wp-json\/wp\/v2\/posts"}],"about":[{"href":"https:\/\/milano-sanremo.org\/fr\/wp-json\/wp\/v2\/types\/post"}],"author":[{"embeddable":true,"href":"https:\/\/milano-sanremo.org\/fr\/wp-json\/wp\/v2\/users\/1"}],"replies":[{"embeddable":true,"href":"https:\/\/milano-sanremo.org\/fr\/wp-json\/wp\/v2\/comments?post=2113"}],"version-history":[{"count":20,"href":"https:\/\/milano-sanremo.org\/fr\/wp-json\/wp\/v2\/posts\/2113\/revisions"}],"predecessor-version":[{"id":9236,"href":"https:\/\/milano-sanremo.org\/fr\/wp-json\/wp\/v2\/posts\/2113\/revisions\/9236"}],"wp:attachment":[{"href":"https:\/\/milano-sanremo.org\/fr\/wp-json\/wp\/v2\/media?parent=2113"}],"wp:term":[{"taxonomy":"category","embeddable":true,"href":"https:\/\/milano-sanremo.org\/fr\/wp-json\/wp\/v2\/categories?post=2113"},{"taxonomy":"post_tag","embeddable":true,"href":"https:\/\/milano-sanremo.org\/fr\/wp-json\/wp\/v2\/tags?post=2113"}],"curies":[{"name":"wp","href":"https:\/\/api.w.org\/{rel}","templated":true}]}}