{"id":4247,"date":"2013-10-08T14:23:51","date_gmt":"2013-10-08T14:23:51","guid":{"rendered":"http:\/\/milano-sanremo.org\/wordpress\/?p=4247"},"modified":"2018-08-08T10:49:48","modified_gmt":"2018-08-08T10:49:48","slug":"44e-upplagan-av-milano-sanremo-amatorlopp","status":"publish","type":"post","link":"https:\/\/milano-sanremo.org\/sv\/44e-upplagan-av-milano-sanremo-amatorlopp\/","title":{"rendered":"49:e upplagan av Milano-Sanremo Amat\u00f6rlopp"},"content":{"rendered":"<h2>milano-sanremo Amat\u00f6rlopp h\u00f6lls f\u00f6r f\u00f6rsta g\u00e5ngen 1970 p\u00e5 initiativ av Sanremo Cykelsportf\u00f6rbund, f\u00f6r att erbjuda cykelentusiaster m\u00f6jligheten att f\u00f6lja samma v\u00e4gar som trampas av de stora m\u00e4starna varje \u00e5r.<\/h2>\n<p><strong>milano-sanremo Amat\u00f6rlopp<\/strong> \u00e4r 300 km l\u00e5ngt och g\u00e5r l\u00e4ngs samma bana som i det klassiska proffsloppet, genom att korsa Lombardiet, Piemonte och Ligurien till de legendariska stigningarna Turchino, Capo Mele, Capo Cervo, Capo Berta, Cipressa och Poggio di Sanremo.<\/p>\n<p>Amat\u00f6rt\u00e4vlingen grundades 1970 under \u00f6verinseende av <strong>Unione Cicloturistica San Remo<\/strong>, Sanremo Cykelsportf\u00f6rbund. Det har sedan dess \u00e4gt rum varje \u00e5r utan avbrott och \u00e4r idag det mest ber\u00f6mda cykelevenemanget i Italien. Sedan 2009 har researrang\u00f6ren <strong>Nyala Wonder Travel<\/strong> arrangerat organiseringen av cykelloppet f\u00f6r att manifestazionentera deltagarna det b\u00e4sta m\u00f6jliga v\u00e4lkomnandet i Milano och Sanremo.<\/p>\n<p>Den senaste upplagan deltog runt <strong>1100 cyklister<\/strong> fr\u00e5n hela Europa, men \u00e4ven atleter fr\u00e5n mer avl\u00e4gsna l\u00e4nder som Nya Zeeland, Australien, Malaysia, Brasilien, Kanada och USA kom f\u00f6r att t\u00e4vla i det h\u00e4r v\u00e4rldsomfattande evenemanget.<\/p>\n<p>Beslutet att flytta startlinjen till aff\u00e4rs- och kongresscentret Pieve Emanuele, och m\u00e5llinjen n\u00e4ra Palafiori Kongresscentrum i Sanremo, s\u00e5v\u00e4l som att rekommendera deltagarna ett utvalt antal anslutna hotell, ger l\u00f6fte om v\u00e4lorganiserad service av h\u00f6gsta standard och en positiv atmosf\u00e4r bland deltagarna d\u00e4r de kan knyta nya, internationella v\u00e4nskapsband.<\/p>\n<p>Organisationens m\u00e5l \u00e4r nu mer \u00e4n n\u00e5gonsin att fira cykelsporten, oavsett om det \u00e4r i n\u00e4rheten av start- eller m\u00e5llinjen. N\u00e5got som ocks\u00e5 \u00e4r s\u00e4kert \u00e4r att <strong>du kommer att uppt\u00e4cka den underbara m\u00e5ngfalden av landskap h\u00e4r i Italien och f\u00e5 ett fantastiskt minne f\u00f6r livet.<\/strong><\/p>\n","protected":false},"excerpt":{"rendered":"<p>milano-sanremo Amat\u00f6rlopp h\u00f6lls f\u00f6r f\u00f6rsta g\u00e5ngen 1970 p\u00e5 initiativ av Sanremo Cykelsportf\u00f6rbund, f\u00f6r att erbjuda cykelentusiaster m\u00f6jligheten att f\u00f6lja samma v\u00e4gar som trampas av de stora m\u00e4starna varje \u00e5r. milano-sanremo Amat\u00f6rlopp \u00e4r 300 km l\u00e5ngt och g\u00e5r l\u00e4ngs samma bana som i det klassiska proffsloppet, genom att korsa Lombardiet, Piemonte och Ligurien till de legendariska [&hellip;]<\/p>\n","protected":false},"author":1,"featured_media":0,"comment_status":"closed","ping_status":"closed","sticky":false,"template":"","format":"standard","meta":{"_et_pb_use_builder":"","_et_pb_old_content":"","_et_gb_content_width":"","ngg_post_thumbnail":0,"footnotes":""},"categories":[67,86],"tags":[],"class_list":["post-4247","post","type-post","status-publish","format-standard","hentry","category-news-se","category-reglaget-sv"],"yoast_head":"<!-- This site is optimized with the Yoast SEO plugin v27.5 - https:\/\/yoast.com\/product\/yoast-seo-wordpress\/ -->\n<title>49:e upplagan av Milano-Sanremo Amat\u00f6rlopp - MILANO SANREMO AMATORI 2026<\/title>\n<meta name=\"description\" content=\"49:e upplagan av Milano-Sanremo Amat\u00f6rlopp MILANO SANREMO AMATORI 2026\" \/>\n<meta name=\"robots\" content=\"index, follow, max-snippet:-1, max-image-preview:large, max-video-preview:-1\" \/>\n<link rel=\"canonical\" href=\"https:\/\/milano-sanremo.org\/sv\/44e-upplagan-av-milano-sanremo-amatorlopp\/\" \/>\n<meta property=\"og:locale\" content=\"sv_SE\" \/>\n<meta property=\"og:type\" content=\"article\" \/>\n<meta property=\"og:title\" content=\"49:e upplagan av Milano-Sanremo Amat\u00f6rlopp - MILANO SANREMO AMATORI 2026\" \/>\n<meta property=\"og:description\" content=\"49:e upplagan av Milano-Sanremo Amat\u00f6rlopp MILANO SANREMO AMATORI 2026\" \/>\n<meta property=\"og:url\" content=\"https:\/\/milano-sanremo.org\/sv\/44e-upplagan-av-milano-sanremo-amatorlopp\/\" \/>\n<meta property=\"og:site_name\" content=\"MILANO SANREMO AMATORI 2026\" \/>\n<meta property=\"article:published_time\" content=\"2013-10-08T14:23:51+00:00\" \/>\n<meta property=\"article:modified_time\" content=\"2018-08-08T10:49:48+00:00\" \/>\n<meta name=\"author\" content=\"vistm1\" \/>\n<meta name=\"twitter:card\" content=\"summary_large_image\" \/>\n<meta name=\"twitter:label1\" content=\"Skriven av\" \/>\n\t<meta name=\"twitter:data1\" content=\"vistm1\" \/>\n\t<meta name=\"twitter:label2\" content=\"Ber\u00e4knad l\u00e4stid\" \/>\n\t<meta name=\"twitter:data2\" content=\"1 minut\" \/>\n<script type=\"application\/ld+json\" class=\"yoast-schema-graph\">{\"@context\":\"https:\\\/\\\/schema.org\",\"@graph\":[{\"@type\":\"Article\",\"@id\":\"https:\\\/\\\/milano-sanremo.org\\\/sv\\\/44e-upplagan-av-milano-sanremo-amatorlopp\\\/#article\",\"isPartOf\":{\"@id\":\"https:\\\/\\\/milano-sanremo.org\\\/sv\\\/44e-upplagan-av-milano-sanremo-amatorlopp\\\/\"},\"author\":{\"name\":\"vistm1\",\"@id\":\"https:\\\/\\\/milano-sanremo.org\\\/sv\\\/#\\\/schema\\\/person\\\/b0c52e720fb6da8c91700dc29b2f08a2\"},\"headline\":\"49:e upplagan av Milano-Sanremo Amat\u00f6rlopp\",\"datePublished\":\"2013-10-08T14:23:51+00:00\",\"dateModified\":\"2018-08-08T10:49:48+00:00\",\"mainEntityOfPage\":{\"@id\":\"https:\\\/\\\/milano-sanremo.org\\\/sv\\\/44e-upplagan-av-milano-sanremo-amatorlopp\\\/\"},\"wordCount\":305,\"articleSection\":[\"Dagens nyheter\",\"reglaget @sv\"],\"inLanguage\":\"sv-SE\"},{\"@type\":\"WebPage\",\"@id\":\"https:\\\/\\\/milano-sanremo.org\\\/sv\\\/44e-upplagan-av-milano-sanremo-amatorlopp\\\/\",\"url\":\"https:\\\/\\\/milano-sanremo.org\\\/sv\\\/44e-upplagan-av-milano-sanremo-amatorlopp\\\/\",\"name\":\"49:e upplagan av Milano-Sanremo Amat\u00f6rlopp - MILANO SANREMO AMATORI 2026\",\"isPartOf\":{\"@id\":\"https:\\\/\\\/milano-sanremo.org\\\/sv\\\/#website\"},\"datePublished\":\"2013-10-08T14:23:51+00:00\",\"dateModified\":\"2018-08-08T10:49:48+00:00\",\"author\":{\"@id\":\"https:\\\/\\\/milano-sanremo.org\\\/sv\\\/#\\\/schema\\\/person\\\/b0c52e720fb6da8c91700dc29b2f08a2\"},\"description\":\"49:e upplagan av Milano-Sanremo Amat\u00f6rlopp MILANO SANREMO AMATORI 2026\",\"breadcrumb\":{\"@id\":\"https:\\\/\\\/milano-sanremo.org\\\/sv\\\/44e-upplagan-av-milano-sanremo-amatorlopp\\\/#breadcrumb\"},\"inLanguage\":\"sv-SE\",\"potentialAction\":[{\"@type\":\"ReadAction\",\"target\":[\"https:\\\/\\\/milano-sanremo.org\\\/sv\\\/44e-upplagan-av-milano-sanremo-amatorlopp\\\/\"]}]},{\"@type\":\"BreadcrumbList\",\"@id\":\"https:\\\/\\\/milano-sanremo.org\\\/sv\\\/44e-upplagan-av-milano-sanremo-amatorlopp\\\/#breadcrumb\",\"itemListElement\":[{\"@type\":\"ListItem\",\"position\":1,\"name\":\"Home\",\"item\":\"https:\\\/\\\/milano-sanremo.org\\\/sv\\\/\"},{\"@type\":\"ListItem\",\"position\":2,\"name\":\"49:e upplagan av Milano-Sanremo Amat\u00f6rlopp\"}]},{\"@type\":\"WebSite\",\"@id\":\"https:\\\/\\\/milano-sanremo.org\\\/sv\\\/#website\",\"url\":\"https:\\\/\\\/milano-sanremo.org\\\/sv\\\/\",\"name\":\"MILANO SANREMO AMATORI 2026\",\"description\":\"MILANO SANREMO AMAT\u00d6RER 7 JUNI 2026 | OFFICIELL WEBBPLATS\",\"potentialAction\":[{\"@type\":\"SearchAction\",\"target\":{\"@type\":\"EntryPoint\",\"urlTemplate\":\"https:\\\/\\\/milano-sanremo.org\\\/sv\\\/?s={search_term_string}\"},\"query-input\":{\"@type\":\"PropertyValueSpecification\",\"valueRequired\":true,\"valueName\":\"search_term_string\"}}],\"inLanguage\":\"sv-SE\"},{\"@type\":\"Person\",\"@id\":\"https:\\\/\\\/milano-sanremo.org\\\/sv\\\/#\\\/schema\\\/person\\\/b0c52e720fb6da8c91700dc29b2f08a2\",\"name\":\"vistm1\",\"image\":{\"@type\":\"ImageObject\",\"inLanguage\":\"sv-SE\",\"@id\":\"https:\\\/\\\/secure.gravatar.com\\\/avatar\\\/f7a5868e5bab01769ba9e8d575a8e64c7b2565c93e480cff0ab08e82e18f9ab1?s=96&d=mm&r=g\",\"url\":\"https:\\\/\\\/secure.gravatar.com\\\/avatar\\\/f7a5868e5bab01769ba9e8d575a8e64c7b2565c93e480cff0ab08e82e18f9ab1?s=96&d=mm&r=g\",\"contentUrl\":\"https:\\\/\\\/secure.gravatar.com\\\/avatar\\\/f7a5868e5bab01769ba9e8d575a8e64c7b2565c93e480cff0ab08e82e18f9ab1?s=96&d=mm&r=g\",\"caption\":\"vistm1\"},\"url\":\"https:\\\/\\\/milano-sanremo.org\\\/sv\\\/author\\\/vistm1\\\/\"}]}<\/script>\n<!-- \/ Yoast SEO plugin. -->","yoast_head_json":{"title":"49:e upplagan av Milano-Sanremo Amat\u00f6rlopp - MILANO SANREMO AMATORI 2026","description":"49:e upplagan av Milano-Sanremo Amat\u00f6rlopp MILANO SANREMO AMATORI 2026","robots":{"index":"index","follow":"follow","max-snippet":"max-snippet:-1","max-image-preview":"max-image-preview:large","max-video-preview":"max-video-preview:-1"},"canonical":"https:\/\/milano-sanremo.org\/sv\/44e-upplagan-av-milano-sanremo-amatorlopp\/","og_locale":"sv_SE","og_type":"article","og_title":"49:e upplagan av Milano-Sanremo Amat\u00f6rlopp - MILANO SANREMO AMATORI 2026","og_description":"49:e upplagan av Milano-Sanremo Amat\u00f6rlopp MILANO SANREMO AMATORI 2026","og_url":"https:\/\/milano-sanremo.org\/sv\/44e-upplagan-av-milano-sanremo-amatorlopp\/","og_site_name":"MILANO SANREMO AMATORI 2026","article_published_time":"2013-10-08T14:23:51+00:00","article_modified_time":"2018-08-08T10:49:48+00:00","author":"vistm1","twitter_card":"summary_large_image","twitter_misc":{"Skriven av":"vistm1","Ber\u00e4knad l\u00e4stid":"1 minut"},"schema":{"@context":"https:\/\/schema.org","@graph":[{"@type":"Article","@id":"https:\/\/milano-sanremo.org\/sv\/44e-upplagan-av-milano-sanremo-amatorlopp\/#article","isPartOf":{"@id":"https:\/\/milano-sanremo.org\/sv\/44e-upplagan-av-milano-sanremo-amatorlopp\/"},"author":{"name":"vistm1","@id":"https:\/\/milano-sanremo.org\/sv\/#\/schema\/person\/b0c52e720fb6da8c91700dc29b2f08a2"},"headline":"49:e upplagan av Milano-Sanremo Amat\u00f6rlopp","datePublished":"2013-10-08T14:23:51+00:00","dateModified":"2018-08-08T10:49:48+00:00","mainEntityOfPage":{"@id":"https:\/\/milano-sanremo.org\/sv\/44e-upplagan-av-milano-sanremo-amatorlopp\/"},"wordCount":305,"articleSection":["Dagens nyheter","reglaget @sv"],"inLanguage":"sv-SE"},{"@type":"WebPage","@id":"https:\/\/milano-sanremo.org\/sv\/44e-upplagan-av-milano-sanremo-amatorlopp\/","url":"https:\/\/milano-sanremo.org\/sv\/44e-upplagan-av-milano-sanremo-amatorlopp\/","name":"49:e upplagan av Milano-Sanremo Amat\u00f6rlopp - MILANO SANREMO AMATORI 2026","isPartOf":{"@id":"https:\/\/milano-sanremo.org\/sv\/#website"},"datePublished":"2013-10-08T14:23:51+00:00","dateModified":"2018-08-08T10:49:48+00:00","author":{"@id":"https:\/\/milano-sanremo.org\/sv\/#\/schema\/person\/b0c52e720fb6da8c91700dc29b2f08a2"},"description":"49:e upplagan av Milano-Sanremo Amat\u00f6rlopp MILANO SANREMO AMATORI 2026","breadcrumb":{"@id":"https:\/\/milano-sanremo.org\/sv\/44e-upplagan-av-milano-sanremo-amatorlopp\/#breadcrumb"},"inLanguage":"sv-SE","potentialAction":[{"@type":"ReadAction","target":["https:\/\/milano-sanremo.org\/sv\/44e-upplagan-av-milano-sanremo-amatorlopp\/"]}]},{"@type":"BreadcrumbList","@id":"https:\/\/milano-sanremo.org\/sv\/44e-upplagan-av-milano-sanremo-amatorlopp\/#breadcrumb","itemListElement":[{"@type":"ListItem","position":1,"name":"Home","item":"https:\/\/milano-sanremo.org\/sv\/"},{"@type":"ListItem","position":2,"name":"49:e upplagan av Milano-Sanremo Amat\u00f6rlopp"}]},{"@type":"WebSite","@id":"https:\/\/milano-sanremo.org\/sv\/#website","url":"https:\/\/milano-sanremo.org\/sv\/","name":"MILANO SANREMO AMATORI 2026","description":"MILANO SANREMO AMAT\u00d6RER 7 JUNI 2026 | OFFICIELL WEBBPLATS","potentialAction":[{"@type":"SearchAction","target":{"@type":"EntryPoint","urlTemplate":"https:\/\/milano-sanremo.org\/sv\/?s={search_term_string}"},"query-input":{"@type":"PropertyValueSpecification","valueRequired":true,"valueName":"search_term_string"}}],"inLanguage":"sv-SE"},{"@type":"Person","@id":"https:\/\/milano-sanremo.org\/sv\/#\/schema\/person\/b0c52e720fb6da8c91700dc29b2f08a2","name":"vistm1","image":{"@type":"ImageObject","inLanguage":"sv-SE","@id":"https:\/\/secure.gravatar.com\/avatar\/f7a5868e5bab01769ba9e8d575a8e64c7b2565c93e480cff0ab08e82e18f9ab1?s=96&d=mm&r=g","url":"https:\/\/secure.gravatar.com\/avatar\/f7a5868e5bab01769ba9e8d575a8e64c7b2565c93e480cff0ab08e82e18f9ab1?s=96&d=mm&r=g","contentUrl":"https:\/\/secure.gravatar.com\/avatar\/f7a5868e5bab01769ba9e8d575a8e64c7b2565c93e480cff0ab08e82e18f9ab1?s=96&d=mm&r=g","caption":"vistm1"},"url":"https:\/\/milano-sanremo.org\/sv\/author\/vistm1\/"}]}},"_links":{"self":[{"href":"https:\/\/milano-sanremo.org\/sv\/wp-json\/wp\/v2\/posts\/4247","targetHints":{"allow":["GET"]}}],"collection":[{"href":"https:\/\/milano-sanremo.org\/sv\/wp-json\/wp\/v2\/posts"}],"about":[{"href":"https:\/\/milano-sanremo.org\/sv\/wp-json\/wp\/v2\/types\/post"}],"author":[{"embeddable":true,"href":"https:\/\/milano-sanremo.org\/sv\/wp-json\/wp\/v2\/users\/1"}],"replies":[{"embeddable":true,"href":"https:\/\/milano-sanremo.org\/sv\/wp-json\/wp\/v2\/comments?post=4247"}],"version-history":[{"count":16,"href":"https:\/\/milano-sanremo.org\/sv\/wp-json\/wp\/v2\/posts\/4247\/revisions"}],"predecessor-version":[{"id":9262,"href":"https:\/\/milano-sanremo.org\/sv\/wp-json\/wp\/v2\/posts\/4247\/revisions\/9262"}],"wp:attachment":[{"href":"https:\/\/milano-sanremo.org\/sv\/wp-json\/wp\/v2\/media?parent=4247"}],"wp:term":[{"taxonomy":"category","embeddable":true,"href":"https:\/\/milano-sanremo.org\/sv\/wp-json\/wp\/v2\/categories?post=4247"},{"taxonomy":"post_tag","embeddable":true,"href":"https:\/\/milano-sanremo.org\/sv\/wp-json\/wp\/v2\/tags?post=4247"}],"curies":[{"name":"wp","href":"https:\/\/api.w.org\/{rel}","templated":true}]}}